{"id":701,"date":"2016-04-01T20:49:40","date_gmt":"2016-04-01T18:49:40","guid":{"rendered":"http:\/\/www.tbarchitekt.de\/?p=701"},"modified":"2016-04-01T20:49:40","modified_gmt":"2016-04-01T18:49:40","slug":"wohnen-mit-wald","status":"publish","type":"post","link":"https:\/\/www.tbarchitekt.de\/?p=701","title":{"rendered":"Wohnen mit Wald"},"content":{"rendered":"<p><a href=\"http:\/\/www.tbarchitekt.de\/wordpress\/wp-content\/uploads\/2016\/04\/107-Ansicht-klein.jpg\"><img decoding=\"async\" loading=\"lazy\" class=\"alignleft  wp-image-698\" style=\"border: 0px;\" alt=\"107 Ansicht klein\" src=\"http:\/\/www.tbarchitekt.de\/wordpress\/wp-content\/uploads\/2016\/04\/107-Ansicht-klein.jpg\" width=\"612\" height=\"369\" srcset=\"https:\/\/www.tbarchitekt.de\/wordpress\/wp-content\/uploads\/2016\/04\/107-Ansicht-klein.jpg 850w, https:\/\/www.tbarchitekt.de\/wordpress\/wp-content\/uploads\/2016\/04\/107-Ansicht-klein-300x181.jpg 300w\" sizes=\"(max-width: 612px) 100vw, 612px\" \/><\/a><\/p>\n<p>Umbau und Sanierung eines ehemaligen Jagdhauses &#8211; Fertigstellung 2016<\/p>\n<p>Umbau und Sanierung der Innenr\u00e4ume rd. 300 m2 Nutzfl\u00e4che, Einpassung eines neuen Garagengeb\u00e4udes, Neugestaltung der Au\u00dfenanlagen rd. 9.000 m2<\/p>\n<p>Leistungsphasen 1-8, Realisierung 2014 bis 2016<\/p>\n<p>Entwurf und Ausf\u00fchrung Innenarchitektur: Freie Mitarbeiterin Barbara J\u00e4ger, Innenarchitektin<\/p>\n<!--START SIMPLEVIEWER EMBED-->\n<script type=\"text\/javascript\">\n\tvar flashvars52 = {};\n\tflashvars52.galleryURL = \"https:\/\/www.tbarchitekt.de\/wordpress\/wp-content\/plugins\/wp-simpleviewer\/config.php?gallery_id=52\";\n\tsimpleviewer.ready(function() {\n\t\tsimpleviewer.load(\"sv-container-52\", \"100%\", \"400px\", \"transparent\", false, flashvars52);\n\t});\n<\/script>\n<div id=\"sv-container-52\"><\/div>\n<!--END SIMPLEVIEWER EMBED-->\n\n","protected":false},"excerpt":{"rendered":"<p>Umbau und Sanierung eines ehemaligen Jagdhauses &#8211; Fertigstellung 2016 Umbau und Sanierung der Innenr\u00e4ume rd. 300 m2 Nutzfl\u00e4che, Einpassung eines neuen Garagengeb\u00e4udes, Neugestaltung der Au\u00dfenanlagen rd. 9.000 m2 Leistungsphasen 1-8, Realisierung 2014 bis 2016 Entwurf und Ausf\u00fchrung Innenarchitektur: Freie Mitarbeiterin Barbara J\u00e4ger, Innenarchitektin<\/p>\n","protected":false},"author":2,"featured_media":0,"comment_status":"closed","ping_status":"closed","sticky":false,"template":"","format":"standard","meta":[],"categories":[1],"tags":[86,82,85,83,40,12,84,8],"_links":{"self":[{"href":"https:\/\/www.tbarchitekt.de\/index.php?rest_route=\/wp\/v2\/posts\/701"}],"collection":[{"href":"https:\/\/www.tbarchitekt.de\/index.php?rest_route=\/wp\/v2\/posts"}],"about":[{"href":"https:\/\/www.tbarchitekt.de\/index.php?rest_route=\/wp\/v2\/types\/post"}],"author":[{"embeddable":true,"href":"https:\/\/www.tbarchitekt.de\/index.php?rest_route=\/wp\/v2\/users\/2"}],"replies":[{"embeddable":true,"href":"https:\/\/www.tbarchitekt.de\/index.php?rest_route=%2Fwp%2Fv2%2Fcomments&post=701"}],"version-history":[{"count":12,"href":"https:\/\/www.tbarchitekt.de\/index.php?rest_route=\/wp\/v2\/posts\/701\/revisions"}],"predecessor-version":[{"id":713,"href":"https:\/\/www.tbarchitekt.de\/index.php?rest_route=\/wp\/v2\/posts\/701\/revisions\/713"}],"wp:attachment":[{"href":"https:\/\/www.tbarchitekt.de\/index.php?rest_route=%2Fwp%2Fv2%2Fmedia&parent=701"}],"wp:term":[{"taxonomy":"category","embeddable":true,"href":"https:\/\/www.tbarchitekt.de\/index.php?rest_route=%2Fwp%2Fv2%2Fcategories&post=701"},{"taxonomy":"post_tag","embeddable":true,"href":"https:\/\/www.tbarchitekt.de\/index.php?rest_route=%2Fwp%2Fv2%2Ftags&post=701"}],"curies":[{"name":"wp","href":"https:\/\/api.w.org\/{rel}","templated":true}]}}