{"id":12,"date":"2009-09-19T12:47:37","date_gmt":"2009-09-19T10:47:37","guid":{"rendered":"http:\/\/www.tbarchitekt.de\/wordpress\/?p=12"},"modified":"2013-12-14T23:06:02","modified_gmt":"2013-12-14T21:06:02","slug":"erweiterung-tischlerei-sommer-53547-siebenmorgen","status":"publish","type":"post","link":"https:\/\/www.tbarchitekt.de\/?p=12","title":{"rendered":"Erweiterung einer Schreinerei"},"content":{"rendered":"<p><span style=\"color: #808080;\">Erweiterung eines B\u00fcro- und Produktionsraumes f\u00fcr eine bestehende Schreinerei, Holzst\u00e4nderbau, 1-geschossig<\/span><\/p>\n<p><span style=\"color: #808080;\">Erweiterung 735 m3 BRI, + 120 m2 Nutzfl\u00e4che<br \/>\nLeistungsphasen 1-8, Realisierung 2007<\/span><\/p>\n<p><span style=\"color: #808080;\"><a href=\"http:\/\/www.tbarchitekt.de\/wordpress\/wp-content\/uploads\/2009\/09\/P1050268.jpg\"><img decoding=\"async\" loading=\"lazy\" class=\"alignleft size-large wp-image-46\" style=\"border: 0px;\" title=\"P1050268\" alt=\"\" src=\"http:\/\/www.tbarchitekt.de\/wordpress\/wp-content\/uploads\/2009\/09\/P1050268-1024x463.jpg\" width=\"614\" height=\"278\" srcset=\"https:\/\/www.tbarchitekt.de\/wordpress\/wp-content\/uploads\/2009\/09\/P1050268-1024x463.jpg 1024w, https:\/\/www.tbarchitekt.de\/wordpress\/wp-content\/uploads\/2009\/09\/P1050268-300x135.jpg 300w\" sizes=\"(max-width: 614px) 100vw, 614px\" \/><\/a><br \/>\n<\/span><\/p>\n<p style=\"text-align: left;\">\n","protected":false},"excerpt":{"rendered":"<p>Erweiterung eines B\u00fcro- und Produktionsraumes f\u00fcr eine bestehende Schreinerei, Holzst\u00e4nderbau, 1-geschossig Erweiterung 735 m3 BRI, + 120 m2 Nutzfl\u00e4che Leistungsphasen 1-8, Realisierung 2007<\/p>\n","protected":false},"author":1,"featured_media":0,"comment_status":"closed","ping_status":"open","sticky":false,"template":"","format":"standard","meta":[],"categories":[1],"tags":[4,7,20,5,19],"_links":{"self":[{"href":"https:\/\/www.tbarchitekt.de\/index.php?rest_route=\/wp\/v2\/posts\/12"}],"collection":[{"href":"https:\/\/www.tbarchitekt.de\/index.php?rest_route=\/wp\/v2\/posts"}],"about":[{"href":"https:\/\/www.tbarchitekt.de\/index.php?rest_route=\/wp\/v2\/types\/post"}],"author":[{"embeddable":true,"href":"https:\/\/www.tbarchitekt.de\/index.php?rest_route=\/wp\/v2\/users\/1"}],"replies":[{"embeddable":true,"href":"https:\/\/www.tbarchitekt.de\/index.php?rest_route=%2Fwp%2Fv2%2Fcomments&post=12"}],"version-history":[{"count":23,"href":"https:\/\/www.tbarchitekt.de\/index.php?rest_route=\/wp\/v2\/posts\/12\/revisions"}],"predecessor-version":[{"id":552,"href":"https:\/\/www.tbarchitekt.de\/index.php?rest_route=\/wp\/v2\/posts\/12\/revisions\/552"}],"wp:attachment":[{"href":"https:\/\/www.tbarchitekt.de\/index.php?rest_route=%2Fwp%2Fv2%2Fmedia&parent=12"}],"wp:term":[{"taxonomy":"category","embeddable":true,"href":"https:\/\/www.tbarchitekt.de\/index.php?rest_route=%2Fwp%2Fv2%2Fcategories&post=12"},{"taxonomy":"post_tag","embeddable":true,"href":"https:\/\/www.tbarchitekt.de\/index.php?rest_route=%2Fwp%2Fv2%2Ftags&post=12"}],"curies":[{"name":"wp","href":"https:\/\/api.w.org\/{rel}","templated":true}]}}